{"id":4810,"date":"2019-03-04T09:33:42","date_gmt":"2019-03-04T08:33:42","guid":{"rendered":"http:\/\/www.challenge-riccione.it\/new\/?p=4810"},"modified":"2022-01-17T21:49:16","modified_gmt":"2022-01-17T21:49:16","slug":"giulio-molinari-a-challenge-riccione-2019","status":"publish","type":"post","link":"https:\/\/challenge-cesenatico.com\/it\/2019\/03\/04\/giulio-molinari-a-challenge-riccione-2019\/","title":{"rendered":"Giulio Molinari a Challenge Riccione 2019"},"content":{"rendered":"<h2><b>Il Campione Europeo di Triathlon Medio conferma la propria partnership con Challenge Riccione.<\/b><\/h2>\n<p>\u00c8 un sodalizio che dura nel tempo quello tra Giulio Molinari, campione europeo uscente di triathlon medio nonch\u00e9 ultimo vincitore, lo scorso anno, di Challenge Riccione. L\u2019atleta del GS Carabinieri che ha avuto la meglio lo scorso anno proprio a Riccione sull\u2019austriaco Thomas Steger e sul tedesco Frederic Funk, ha nuovamente confermato la propria partecipazione all\u2019evento riccionese e torna quindi sulla starting line da grande protagonista.<span class=\"Apple-converted-space\">\u00a0<\/span><\/p>\n<p><b>Giulio Molinari: \u2018Torno a Riccione perch\u00e9 amo questa gara e so di trovare in questa gara i pi\u00f9 alti standard internazionali\u2019<\/b><\/p>\n<p>&#8216;Dopo la vittoria lo scorso anno qu\u00ec a Riccione \u2013 diche Molinari -, posso garantire che l&#8217;affidabilit\u00e0 organizzativa degli eventi orchestrati da questo team \u00e8 assoluta. Amo gareggiare in questa terra per i suoi profumi, i sapori e soprattutto perch\u00e8 questo clima famigliare non preclude una puntualit\u00e0 e una correttezza formale nell&#8217;organizzazione che da atleta professionista so molto apprezzare&#8217;<\/p>\n<h3><b>L\u2019affidabilit\u00e0 organizzativa<span class=\"Apple-converted-space\">\u00a0<\/span><\/b><\/h3>\n<p><img loading=\"lazy\" decoding=\"async\" class=\" wp-image-5604 alignright\" src=\"https:\/\/challenge-cesenatico.com\/wp-content\/uploads\/sites\/48\/2019\/03\/challenge-2019-firma-email-262x300-1.png\" alt=\"\" width=\"151\" height=\"165\" \/>Challenge Riccione, in programma il 4 e 5 maggio 2019, \u00e8 affidabilit\u00e0 organizzativa e una gara nella quale poter andare a caccia di una grande prestazione atletica. Tracciati molto tecnici e spettacolari rendono questa prova su mezza distanza, l\u2019evento perfetto per chi ama sfidare le proprie ambizioni agonistiche e misurare il proprio valore atletico. Uno staff super collaudato \u00e8 quello che si occupa di orchestrare da moltissimi anni grandi eventi sportivi qui in Romagna. Ancora una volta la macchina organizzativa \u00e8 in moto e sta marciando a ritmo serrato verso il grande appuntamento del prossimo maggio, nell\u2019intento di offrire a tutti gli atleti un\u2019esperienza unica e che potranno portare con se tra i migliori ricordi.<span class=\"Apple-converted-space\">\u00a0<\/span><\/p>\n","protected":false},"excerpt":{"rendered":"<p>Il Campione Europeo di Triathlon Medio conferma la propria partnership con Challenge Riccione. \u00c8 un sodalizio che dura nel tempo quello tra Giulio Molinari, campione europeo uscente di triathlon medio nonch\u00e9 ultimo vincitore, lo scorso anno, di Challenge Riccione. L\u2019atleta del GS Carabinieri che ha avuto la meglio lo scorso anno proprio a Riccione sull\u2019austriaco [&hellip;]<\/p>\n","protected":false},"author":122,"featured_media":5602,"comment_status":"open","ping_status":"open","sticky":false,"template":"","format":"standard","meta":{"footnotes":""},"categories":[32],"tags":[],"class_list":["post-4810","post","type-post","status-publish","format-standard","has-post-thumbnail","hentry","category-notizie"],"yoast_head":"<!-- This site is optimized with the Yoast SEO plugin v25.6 - https:\/\/yoast.com\/wordpress\/plugins\/seo\/ -->\n<title>Giulio Molinari a Challenge Riccione 2019 - Challenge Cesenatico<\/title>\n<meta name=\"robots\" content=\"index, follow, max-snippet:-1, max-image-preview:large, max-video-preview:-1\" \/>\n<link rel=\"canonical\" href=\"https:\/\/challenge-cesenatico.com\/it\/2019\/03\/04\/giulio-molinari-a-challenge-riccione-2019\/\" \/>\n<meta property=\"og:locale\" content=\"it_IT\" \/>\n<meta property=\"og:type\" content=\"article\" \/>\n<meta property=\"og:title\" content=\"Giulio Molinari a Challenge Riccione 2019 - Challenge Cesenatico\" \/>\n<meta property=\"og:description\" content=\"Il Campione Europeo di Triathlon Medio conferma la propria partnership con Challenge Riccione. \u00c8 un sodalizio che dura nel tempo quello tra Giulio Molinari, campione europeo uscente di triathlon medio nonch\u00e9 ultimo vincitore, lo scorso anno, di Challenge Riccione. L\u2019atleta del GS Carabinieri che ha avuto la meglio lo scorso anno proprio a Riccione sull\u2019austriaco [&hellip;]\" \/>\n<meta property=\"og:url\" content=\"https:\/\/challenge-cesenatico.com\/it\/2019\/03\/04\/giulio-molinari-a-challenge-riccione-2019\/\" \/>\n<meta property=\"og:site_name\" content=\"Challenge Cesenatico\" \/>\n<meta property=\"article:published_time\" content=\"2019-03-04T08:33:42+00:00\" \/>\n<meta property=\"article:modified_time\" content=\"2022-01-17T21:49:16+00:00\" \/>\n<meta property=\"og:image\" content=\"https:\/\/challenge-cesenatico.com\/wp-content\/uploads\/sites\/48\/2019\/03\/il-mola-1024x683-1.jpg\" \/>\n\t<meta property=\"og:image:width\" content=\"1024\" \/>\n\t<meta property=\"og:image:height\" content=\"683\" \/>\n\t<meta property=\"og:image:type\" content=\"image\/jpeg\" \/>\n<meta name=\"author\" content=\"fabio\" \/>\n<meta name=\"twitter:card\" content=\"summary_large_image\" \/>\n<meta name=\"twitter:label1\" content=\"Scritto da\" \/>\n\t<meta name=\"twitter:data1\" content=\"fabio\" \/>\n\t<meta name=\"twitter:label2\" content=\"Tempo di lettura stimato\" \/>\n\t<meta name=\"twitter:data2\" content=\"2 minuti\" \/>\n<script type=\"application\/ld+json\" class=\"yoast-schema-graph\">{\"@context\":\"https:\/\/schema.org\",\"@graph\":[{\"@type\":\"WebPage\",\"@id\":\"https:\/\/challenge-cesenatico.com\/it\/2019\/03\/04\/giulio-molinari-a-challenge-riccione-2019\/\",\"url\":\"https:\/\/challenge-cesenatico.com\/it\/2019\/03\/04\/giulio-molinari-a-challenge-riccione-2019\/\",\"name\":\"Giulio Molinari a Challenge Riccione 2019 - Challenge Cesenatico\",\"isPartOf\":{\"@id\":\"https:\/\/challenge-cesenatico.com\/#website\"},\"primaryImageOfPage\":{\"@id\":\"https:\/\/challenge-cesenatico.com\/it\/2019\/03\/04\/giulio-molinari-a-challenge-riccione-2019\/#primaryimage\"},\"image\":{\"@id\":\"https:\/\/challenge-cesenatico.com\/it\/2019\/03\/04\/giulio-molinari-a-challenge-riccione-2019\/#primaryimage\"},\"thumbnailUrl\":\"https:\/\/challenge-cesenatico.com\/wp-content\/uploads\/sites\/48\/2019\/03\/il-mola-1024x683-1.jpg\",\"datePublished\":\"2019-03-04T08:33:42+00:00\",\"dateModified\":\"2022-01-17T21:49:16+00:00\",\"author\":{\"@id\":\"https:\/\/challenge-cesenatico.com\/#\/schema\/person\/253852e474806f2681983fe2423b5e20\"},\"breadcrumb\":{\"@id\":\"https:\/\/challenge-cesenatico.com\/it\/2019\/03\/04\/giulio-molinari-a-challenge-riccione-2019\/#breadcrumb\"},\"inLanguage\":\"it-IT\",\"potentialAction\":[{\"@type\":\"ReadAction\",\"target\":[\"https:\/\/challenge-cesenatico.com\/it\/2019\/03\/04\/giulio-molinari-a-challenge-riccione-2019\/\"]}]},{\"@type\":\"ImageObject\",\"inLanguage\":\"it-IT\",\"@id\":\"https:\/\/challenge-cesenatico.com\/it\/2019\/03\/04\/giulio-molinari-a-challenge-riccione-2019\/#primaryimage\",\"url\":\"https:\/\/challenge-cesenatico.com\/wp-content\/uploads\/sites\/48\/2019\/03\/il-mola-1024x683-1.jpg\",\"contentUrl\":\"https:\/\/challenge-cesenatico.com\/wp-content\/uploads\/sites\/48\/2019\/03\/il-mola-1024x683-1.jpg\",\"width\":1024,\"height\":683,\"caption\":\"Molinari\"},{\"@type\":\"BreadcrumbList\",\"@id\":\"https:\/\/challenge-cesenatico.com\/it\/2019\/03\/04\/giulio-molinari-a-challenge-riccione-2019\/#breadcrumb\",\"itemListElement\":[{\"@type\":\"ListItem\",\"position\":1,\"name\":\"Home\",\"item\":\"https:\/\/challenge-cesenatico.com\/it\/\"},{\"@type\":\"ListItem\",\"position\":2,\"name\":\"Giulio Molinari a Challenge Riccione 2019\"}]},{\"@type\":\"WebSite\",\"@id\":\"https:\/\/challenge-cesenatico.com\/#website\",\"url\":\"https:\/\/challenge-cesenatico.com\/\",\"name\":\"Challenge Cesenatico\",\"description\":\"We are triathlon\",\"potentialAction\":[{\"@type\":\"SearchAction\",\"target\":{\"@type\":\"EntryPoint\",\"urlTemplate\":\"https:\/\/challenge-cesenatico.com\/?s={search_term_string}\"},\"query-input\":{\"@type\":\"PropertyValueSpecification\",\"valueRequired\":true,\"valueName\":\"search_term_string\"}}],\"inLanguage\":\"it-IT\"},{\"@type\":\"Person\",\"@id\":\"https:\/\/challenge-cesenatico.com\/#\/schema\/person\/253852e474806f2681983fe2423b5e20\",\"name\":\"fabio\",\"image\":{\"@type\":\"ImageObject\",\"inLanguage\":\"it-IT\",\"@id\":\"https:\/\/challenge-cesenatico.com\/#\/schema\/person\/image\/\",\"url\":\"https:\/\/secure.gravatar.com\/avatar\/e5ee397ebd7c32fe8805deb0c5fcbf1f?s=96&d=mm&r=g\",\"contentUrl\":\"https:\/\/secure.gravatar.com\/avatar\/e5ee397ebd7c32fe8805deb0c5fcbf1f?s=96&d=mm&r=g\",\"caption\":\"fabio\"},\"url\":\"https:\/\/challenge-cesenatico.com\/it\/author\/fabio\/\"}]}<\/script>\n<!-- \/ Yoast SEO plugin. -->","yoast_head_json":{"title":"Giulio Molinari a Challenge Riccione 2019 - Challenge Cesenatico","robots":{"index":"index","follow":"follow","max-snippet":"max-snippet:-1","max-image-preview":"max-image-preview:large","max-video-preview":"max-video-preview:-1"},"canonical":"https:\/\/challenge-cesenatico.com\/it\/2019\/03\/04\/giulio-molinari-a-challenge-riccione-2019\/","og_locale":"it_IT","og_type":"article","og_title":"Giulio Molinari a Challenge Riccione 2019 - Challenge Cesenatico","og_description":"Il Campione Europeo di Triathlon Medio conferma la propria partnership con Challenge Riccione. \u00c8 un sodalizio che dura nel tempo quello tra Giulio Molinari, campione europeo uscente di triathlon medio nonch\u00e9 ultimo vincitore, lo scorso anno, di Challenge Riccione. L\u2019atleta del GS Carabinieri che ha avuto la meglio lo scorso anno proprio a Riccione sull\u2019austriaco [&hellip;]","og_url":"https:\/\/challenge-cesenatico.com\/it\/2019\/03\/04\/giulio-molinari-a-challenge-riccione-2019\/","og_site_name":"Challenge Cesenatico","article_published_time":"2019-03-04T08:33:42+00:00","article_modified_time":"2022-01-17T21:49:16+00:00","og_image":[{"width":1024,"height":683,"url":"https:\/\/challenge-cesenatico.com\/wp-content\/uploads\/sites\/48\/2019\/03\/il-mola-1024x683-1.jpg","type":"image\/jpeg"}],"author":"fabio","twitter_card":"summary_large_image","twitter_misc":{"Scritto da":"fabio","Tempo di lettura stimato":"2 minuti"},"schema":{"@context":"https:\/\/schema.org","@graph":[{"@type":"WebPage","@id":"https:\/\/challenge-cesenatico.com\/it\/2019\/03\/04\/giulio-molinari-a-challenge-riccione-2019\/","url":"https:\/\/challenge-cesenatico.com\/it\/2019\/03\/04\/giulio-molinari-a-challenge-riccione-2019\/","name":"Giulio Molinari a Challenge Riccione 2019 - Challenge Cesenatico","isPartOf":{"@id":"https:\/\/challenge-cesenatico.com\/#website"},"primaryImageOfPage":{"@id":"https:\/\/challenge-cesenatico.com\/it\/2019\/03\/04\/giulio-molinari-a-challenge-riccione-2019\/#primaryimage"},"image":{"@id":"https:\/\/challenge-cesenatico.com\/it\/2019\/03\/04\/giulio-molinari-a-challenge-riccione-2019\/#primaryimage"},"thumbnailUrl":"https:\/\/challenge-cesenatico.com\/wp-content\/uploads\/sites\/48\/2019\/03\/il-mola-1024x683-1.jpg","datePublished":"2019-03-04T08:33:42+00:00","dateModified":"2022-01-17T21:49:16+00:00","author":{"@id":"https:\/\/challenge-cesenatico.com\/#\/schema\/person\/253852e474806f2681983fe2423b5e20"},"breadcrumb":{"@id":"https:\/\/challenge-cesenatico.com\/it\/2019\/03\/04\/giulio-molinari-a-challenge-riccione-2019\/#breadcrumb"},"inLanguage":"it-IT","potentialAction":[{"@type":"ReadAction","target":["https:\/\/challenge-cesenatico.com\/it\/2019\/03\/04\/giulio-molinari-a-challenge-riccione-2019\/"]}]},{"@type":"ImageObject","inLanguage":"it-IT","@id":"https:\/\/challenge-cesenatico.com\/it\/2019\/03\/04\/giulio-molinari-a-challenge-riccione-2019\/#primaryimage","url":"https:\/\/challenge-cesenatico.com\/wp-content\/uploads\/sites\/48\/2019\/03\/il-mola-1024x683-1.jpg","contentUrl":"https:\/\/challenge-cesenatico.com\/wp-content\/uploads\/sites\/48\/2019\/03\/il-mola-1024x683-1.jpg","width":1024,"height":683,"caption":"Molinari"},{"@type":"BreadcrumbList","@id":"https:\/\/challenge-cesenatico.com\/it\/2019\/03\/04\/giulio-molinari-a-challenge-riccione-2019\/#breadcrumb","itemListElement":[{"@type":"ListItem","position":1,"name":"Home","item":"https:\/\/challenge-cesenatico.com\/it\/"},{"@type":"ListItem","position":2,"name":"Giulio Molinari a Challenge Riccione 2019"}]},{"@type":"WebSite","@id":"https:\/\/challenge-cesenatico.com\/#website","url":"https:\/\/challenge-cesenatico.com\/","name":"Challenge Cesenatico","description":"We are triathlon","potentialAction":[{"@type":"SearchAction","target":{"@type":"EntryPoint","urlTemplate":"https:\/\/challenge-cesenatico.com\/?s={search_term_string}"},"query-input":{"@type":"PropertyValueSpecification","valueRequired":true,"valueName":"search_term_string"}}],"inLanguage":"it-IT"},{"@type":"Person","@id":"https:\/\/challenge-cesenatico.com\/#\/schema\/person\/253852e474806f2681983fe2423b5e20","name":"fabio","image":{"@type":"ImageObject","inLanguage":"it-IT","@id":"https:\/\/challenge-cesenatico.com\/#\/schema\/person\/image\/","url":"https:\/\/secure.gravatar.com\/avatar\/e5ee397ebd7c32fe8805deb0c5fcbf1f?s=96&d=mm&r=g","contentUrl":"https:\/\/secure.gravatar.com\/avatar\/e5ee397ebd7c32fe8805deb0c5fcbf1f?s=96&d=mm&r=g","caption":"fabio"},"url":"https:\/\/challenge-cesenatico.com\/it\/author\/fabio\/"}]}},"_links":{"self":[{"href":"https:\/\/challenge-cesenatico.com\/it\/wp-json\/wp\/v2\/posts\/4810"}],"collection":[{"href":"https:\/\/challenge-cesenatico.com\/it\/wp-json\/wp\/v2\/posts"}],"about":[{"href":"https:\/\/challenge-cesenatico.com\/it\/wp-json\/wp\/v2\/types\/post"}],"author":[{"embeddable":true,"href":"https:\/\/challenge-cesenatico.com\/it\/wp-json\/wp\/v2\/users\/122"}],"replies":[{"embeddable":true,"href":"https:\/\/challenge-cesenatico.com\/it\/wp-json\/wp\/v2\/comments?post=4810"}],"version-history":[{"count":2,"href":"https:\/\/challenge-cesenatico.com\/it\/wp-json\/wp\/v2\/posts\/4810\/revisions"}],"predecessor-version":[{"id":5605,"href":"https:\/\/challenge-cesenatico.com\/it\/wp-json\/wp\/v2\/posts\/4810\/revisions\/5605"}],"wp:featuredmedia":[{"embeddable":true,"href":"https:\/\/challenge-cesenatico.com\/it\/wp-json\/wp\/v2\/media\/5602"}],"wp:attachment":[{"href":"https:\/\/challenge-cesenatico.com\/it\/wp-json\/wp\/v2\/media?parent=4810"}],"wp:term":[{"taxonomy":"category","embeddable":true,"href":"https:\/\/challenge-cesenatico.com\/it\/wp-json\/wp\/v2\/categories?post=4810"},{"taxonomy":"post_tag","embeddable":true,"href":"https:\/\/challenge-cesenatico.com\/it\/wp-json\/wp\/v2\/tags?post=4810"}],"curies":[{"name":"wp","href":"https:\/\/api.w.org\/{rel}","templated":true}]}}