{"id":4626,"date":"2018-10-12T10:57:13","date_gmt":"2018-10-12T08:57:13","guid":{"rendered":"http:\/\/www.challenge-riccione.it\/new\/?p=4626"},"modified":"2022-01-18T14:25:37","modified_gmt":"2022-01-18T14:25:37","slug":"il-4-e-5-maggio-2019-su-challenge-riccione-sono-puntati-i-riflettori-del-grande-triathlon-internazionale","status":"publish","type":"post","link":"https:\/\/challenge-cesenatico.com\/it\/2018\/10\/12\/il-4-e-5-maggio-2019-su-challenge-riccione-sono-puntati-i-riflettori-del-grande-triathlon-internazionale\/","title":{"rendered":"Il 4 e 5 maggio 2019 su Challenge Riccione sono puntati i riflettori del grande triathlon internazionale"},"content":{"rendered":"<p>Il <strong>4 e 5 maggio 2019<\/strong> si accenderanno nuovamente i riflettori su Challenge Riccione, con tantissime interessanti novit\u00e0.<br \/>\n<strong>Luned\u00ec 15 Ottobre alle 10.00 AM<\/strong> (ora italiana) apriranno le iscrizioni con i primi 300 pettorali al prezzo lancio di 175,00\u20ac.<br \/>\nL\u2019organizzazione della gara sar\u00e0 curata da Challenge Italy , nuova societ\u00e0 italiana di propriet\u00e0 della Challenge Family, con il TD Rimini a garanzia della consueta qualit\u00e0 della direzione tecnica dell\u2019evento. Alessandro Alessandri resta il Direttore gara e annuncia importanti cambiamenti: \u2018Il percorso ciclistico varier\u00e0 sostanzialmente rispetto a quello proposto nelle edizioni precedenti, mantenendo per\u00f2 invariate le caratteristiche tecniche che ne hanno fatto la fortuna negli anni. Continue variazioni di pendenza nella frazione bike, fluidit\u00e0 per la parte run, spettacolarit\u00e0 dei tracciati e tutta l\u2019accoglienza romagnola resteranno i nostri punti di forza. Partenza e arrivo resteranno come quest\u2019anno a Riccione Terme, insieme a tutta la logistica di gara. Stiamo studiando variazioni anche sul percorso podistico, che riveleremo al pi\u00f9 presto, non appena verranno definite e dettagliate\u2019.<br \/>\nUn lungo weekend quindi quello riccionese del maggio 2019, che vedr\u00e0 in calendario oltre alla distanza maggiore, anche una fitta agenda di altre gare.<br \/>\nLa Family Run dar\u00e0 l\u2019occasione a tutta la cittadinanza di prendere parte attiva all\u2019evento gi\u00e0 a partire dal venerd\u00ec sera precedente le prove agonistiche.<br \/>\nLa novit\u00e0 della Swim-Bike far\u00e0 invece il suo ingresso nel palinsesto, dopo essere entrata a pieno diritto nei calendari dei Campionati Mondiali ed Europei di Multisport, con i suoi 1900 metri di nuoto seguiti da 90 km di ciclismo.<br \/>\nTriathlon Sprint e Duathlon giovanile completeranno il programma del weekend, come orami da pluriennale tradizione.<br \/>\nUn men\u00f9 quindi estremamente ricco che ambisce a portare a Riccione una grandissima partecipazione di atleti, accompagnatori e pubblico e che da garanzia di una continuit\u00e0 negli anni di un evento che guarda al futuro con grandi obiettivi di crescita internazionale.<\/p>\n","protected":false},"excerpt":{"rendered":"<p>Il 4 e 5 maggio 2019 si accenderanno nuovamente i riflettori su Challenge Riccione, con tantissime interessanti novit\u00e0. Luned\u00ec 15 Ottobre alle 10.00 AM (ora italiana) apriranno le iscrizioni con i primi 300 pettorali al prezzo lancio di 175,00\u20ac. L\u2019organizzazione della gara sar\u00e0 curata da Challenge Italy , nuova societ\u00e0 italiana di propriet\u00e0 della Challenge [&hellip;]<\/p>\n","protected":false},"author":122,"featured_media":5600,"comment_status":"open","ping_status":"open","sticky":false,"template":"","format":"standard","meta":{"footnotes":""},"categories":[32],"tags":[],"class_list":["post-4626","post","type-post","status-publish","format-standard","has-post-thumbnail","hentry","category-notizie"],"yoast_head":"<!-- This site is optimized with the Yoast SEO plugin v25.6 - https:\/\/yoast.com\/wordpress\/plugins\/seo\/ -->\n<title>Il 4 e 5 maggio 2019 su Challenge Riccione sono puntati i riflettori del grande triathlon internazionale - Challenge Cesenatico<\/title>\n<meta name=\"robots\" content=\"index, follow, max-snippet:-1, max-image-preview:large, max-video-preview:-1\" \/>\n<link rel=\"canonical\" href=\"https:\/\/challenge-cesenatico.com\/it\/2018\/10\/12\/il-4-e-5-maggio-2019-su-challenge-riccione-sono-puntati-i-riflettori-del-grande-triathlon-internazionale\/\" \/>\n<meta property=\"og:locale\" content=\"it_IT\" \/>\n<meta property=\"og:type\" content=\"article\" \/>\n<meta property=\"og:title\" content=\"Il 4 e 5 maggio 2019 su Challenge Riccione sono puntati i riflettori del grande triathlon internazionale - Challenge Cesenatico\" \/>\n<meta property=\"og:description\" content=\"Il 4 e 5 maggio 2019 si accenderanno nuovamente i riflettori su Challenge Riccione, con tantissime interessanti novit\u00e0. Luned\u00ec 15 Ottobre alle 10.00 AM (ora italiana) apriranno le iscrizioni con i primi 300 pettorali al prezzo lancio di 175,00\u20ac. L\u2019organizzazione della gara sar\u00e0 curata da Challenge Italy , nuova societ\u00e0 italiana di propriet\u00e0 della Challenge [&hellip;]\" \/>\n<meta property=\"og:url\" content=\"https:\/\/challenge-cesenatico.com\/it\/2018\/10\/12\/il-4-e-5-maggio-2019-su-challenge-riccione-sono-puntati-i-riflettori-del-grande-triathlon-internazionale\/\" \/>\n<meta property=\"og:site_name\" content=\"Challenge Cesenatico\" \/>\n<meta property=\"article:published_time\" content=\"2018-10-12T08:57:13+00:00\" \/>\n<meta property=\"article:modified_time\" content=\"2022-01-18T14:25:37+00:00\" \/>\n<meta property=\"og:image\" content=\"https:\/\/challenge-cesenatico.com\/wp-content\/uploads\/sites\/48\/2018\/10\/lancio-challenge-riccione-2019.jpg\" \/>\n\t<meta property=\"og:image:width\" content=\"1000\" \/>\n\t<meta property=\"og:image:height\" content=\"667\" \/>\n\t<meta property=\"og:image:type\" content=\"image\/jpeg\" \/>\n<meta name=\"author\" content=\"fabio\" \/>\n<meta name=\"twitter:card\" content=\"summary_large_image\" \/>\n<meta name=\"twitter:label1\" content=\"Scritto da\" \/>\n\t<meta name=\"twitter:data1\" content=\"fabio\" \/>\n\t<meta name=\"twitter:label2\" content=\"Tempo di lettura stimato\" \/>\n\t<meta name=\"twitter:data2\" content=\"2 minuti\" \/>\n<script type=\"application\/ld+json\" class=\"yoast-schema-graph\">{\"@context\":\"https:\/\/schema.org\",\"@graph\":[{\"@type\":\"WebPage\",\"@id\":\"https:\/\/challenge-cesenatico.com\/it\/2018\/10\/12\/il-4-e-5-maggio-2019-su-challenge-riccione-sono-puntati-i-riflettori-del-grande-triathlon-internazionale\/\",\"url\":\"https:\/\/challenge-cesenatico.com\/it\/2018\/10\/12\/il-4-e-5-maggio-2019-su-challenge-riccione-sono-puntati-i-riflettori-del-grande-triathlon-internazionale\/\",\"name\":\"Il 4 e 5 maggio 2019 su Challenge Riccione sono puntati i riflettori del grande triathlon internazionale - Challenge Cesenatico\",\"isPartOf\":{\"@id\":\"https:\/\/challenge-cesenatico.com\/#website\"},\"primaryImageOfPage\":{\"@id\":\"https:\/\/challenge-cesenatico.com\/it\/2018\/10\/12\/il-4-e-5-maggio-2019-su-challenge-riccione-sono-puntati-i-riflettori-del-grande-triathlon-internazionale\/#primaryimage\"},\"image\":{\"@id\":\"https:\/\/challenge-cesenatico.com\/it\/2018\/10\/12\/il-4-e-5-maggio-2019-su-challenge-riccione-sono-puntati-i-riflettori-del-grande-triathlon-internazionale\/#primaryimage\"},\"thumbnailUrl\":\"https:\/\/challenge-cesenatico.com\/wp-content\/uploads\/sites\/48\/2018\/10\/lancio-challenge-riccione-2019.jpg\",\"datePublished\":\"2018-10-12T08:57:13+00:00\",\"dateModified\":\"2022-01-18T14:25:37+00:00\",\"author\":{\"@id\":\"https:\/\/challenge-cesenatico.com\/#\/schema\/person\/253852e474806f2681983fe2423b5e20\"},\"breadcrumb\":{\"@id\":\"https:\/\/challenge-cesenatico.com\/it\/2018\/10\/12\/il-4-e-5-maggio-2019-su-challenge-riccione-sono-puntati-i-riflettori-del-grande-triathlon-internazionale\/#breadcrumb\"},\"inLanguage\":\"it-IT\",\"potentialAction\":[{\"@type\":\"ReadAction\",\"target\":[\"https:\/\/challenge-cesenatico.com\/it\/2018\/10\/12\/il-4-e-5-maggio-2019-su-challenge-riccione-sono-puntati-i-riflettori-del-grande-triathlon-internazionale\/\"]}]},{\"@type\":\"ImageObject\",\"inLanguage\":\"it-IT\",\"@id\":\"https:\/\/challenge-cesenatico.com\/it\/2018\/10\/12\/il-4-e-5-maggio-2019-su-challenge-riccione-sono-puntati-i-riflettori-del-grande-triathlon-internazionale\/#primaryimage\",\"url\":\"https:\/\/challenge-cesenatico.com\/wp-content\/uploads\/sites\/48\/2018\/10\/lancio-challenge-riccione-2019.jpg\",\"contentUrl\":\"https:\/\/challenge-cesenatico.com\/wp-content\/uploads\/sites\/48\/2018\/10\/lancio-challenge-riccione-2019.jpg\",\"width\":1000,\"height\":667},{\"@type\":\"BreadcrumbList\",\"@id\":\"https:\/\/challenge-cesenatico.com\/it\/2018\/10\/12\/il-4-e-5-maggio-2019-su-challenge-riccione-sono-puntati-i-riflettori-del-grande-triathlon-internazionale\/#breadcrumb\",\"itemListElement\":[{\"@type\":\"ListItem\",\"position\":1,\"name\":\"Home\",\"item\":\"https:\/\/challenge-cesenatico.com\/it\/\"},{\"@type\":\"ListItem\",\"position\":2,\"name\":\"Il 4 e 5 maggio 2019 su Challenge Riccione sono puntati i riflettori del grande triathlon internazionale\"}]},{\"@type\":\"WebSite\",\"@id\":\"https:\/\/challenge-cesenatico.com\/#website\",\"url\":\"https:\/\/challenge-cesenatico.com\/\",\"name\":\"Challenge Cesenatico\",\"description\":\"We are triathlon\",\"potentialAction\":[{\"@type\":\"SearchAction\",\"target\":{\"@type\":\"EntryPoint\",\"urlTemplate\":\"https:\/\/challenge-cesenatico.com\/?s={search_term_string}\"},\"query-input\":{\"@type\":\"PropertyValueSpecification\",\"valueRequired\":true,\"valueName\":\"search_term_string\"}}],\"inLanguage\":\"it-IT\"},{\"@type\":\"Person\",\"@id\":\"https:\/\/challenge-cesenatico.com\/#\/schema\/person\/253852e474806f2681983fe2423b5e20\",\"name\":\"fabio\",\"image\":{\"@type\":\"ImageObject\",\"inLanguage\":\"it-IT\",\"@id\":\"https:\/\/challenge-cesenatico.com\/#\/schema\/person\/image\/\",\"url\":\"https:\/\/secure.gravatar.com\/avatar\/e5ee397ebd7c32fe8805deb0c5fcbf1f?s=96&d=mm&r=g\",\"contentUrl\":\"https:\/\/secure.gravatar.com\/avatar\/e5ee397ebd7c32fe8805deb0c5fcbf1f?s=96&d=mm&r=g\",\"caption\":\"fabio\"},\"url\":\"https:\/\/challenge-cesenatico.com\/it\/author\/fabio\/\"}]}<\/script>\n<!-- \/ Yoast SEO plugin. -->","yoast_head_json":{"title":"Il 4 e 5 maggio 2019 su Challenge Riccione sono puntati i riflettori del grande triathlon internazionale - Challenge Cesenatico","robots":{"index":"index","follow":"follow","max-snippet":"max-snippet:-1","max-image-preview":"max-image-preview:large","max-video-preview":"max-video-preview:-1"},"canonical":"https:\/\/challenge-cesenatico.com\/it\/2018\/10\/12\/il-4-e-5-maggio-2019-su-challenge-riccione-sono-puntati-i-riflettori-del-grande-triathlon-internazionale\/","og_locale":"it_IT","og_type":"article","og_title":"Il 4 e 5 maggio 2019 su Challenge Riccione sono puntati i riflettori del grande triathlon internazionale - Challenge Cesenatico","og_description":"Il 4 e 5 maggio 2019 si accenderanno nuovamente i riflettori su Challenge Riccione, con tantissime interessanti novit\u00e0. Luned\u00ec 15 Ottobre alle 10.00 AM (ora italiana) apriranno le iscrizioni con i primi 300 pettorali al prezzo lancio di 175,00\u20ac. L\u2019organizzazione della gara sar\u00e0 curata da Challenge Italy , nuova societ\u00e0 italiana di propriet\u00e0 della Challenge [&hellip;]","og_url":"https:\/\/challenge-cesenatico.com\/it\/2018\/10\/12\/il-4-e-5-maggio-2019-su-challenge-riccione-sono-puntati-i-riflettori-del-grande-triathlon-internazionale\/","og_site_name":"Challenge Cesenatico","article_published_time":"2018-10-12T08:57:13+00:00","article_modified_time":"2022-01-18T14:25:37+00:00","og_image":[{"width":1000,"height":667,"url":"https:\/\/challenge-cesenatico.com\/wp-content\/uploads\/sites\/48\/2018\/10\/lancio-challenge-riccione-2019.jpg","type":"image\/jpeg"}],"author":"fabio","twitter_card":"summary_large_image","twitter_misc":{"Scritto da":"fabio","Tempo di lettura stimato":"2 minuti"},"schema":{"@context":"https:\/\/schema.org","@graph":[{"@type":"WebPage","@id":"https:\/\/challenge-cesenatico.com\/it\/2018\/10\/12\/il-4-e-5-maggio-2019-su-challenge-riccione-sono-puntati-i-riflettori-del-grande-triathlon-internazionale\/","url":"https:\/\/challenge-cesenatico.com\/it\/2018\/10\/12\/il-4-e-5-maggio-2019-su-challenge-riccione-sono-puntati-i-riflettori-del-grande-triathlon-internazionale\/","name":"Il 4 e 5 maggio 2019 su Challenge Riccione sono puntati i riflettori del grande triathlon internazionale - Challenge Cesenatico","isPartOf":{"@id":"https:\/\/challenge-cesenatico.com\/#website"},"primaryImageOfPage":{"@id":"https:\/\/challenge-cesenatico.com\/it\/2018\/10\/12\/il-4-e-5-maggio-2019-su-challenge-riccione-sono-puntati-i-riflettori-del-grande-triathlon-internazionale\/#primaryimage"},"image":{"@id":"https:\/\/challenge-cesenatico.com\/it\/2018\/10\/12\/il-4-e-5-maggio-2019-su-challenge-riccione-sono-puntati-i-riflettori-del-grande-triathlon-internazionale\/#primaryimage"},"thumbnailUrl":"https:\/\/challenge-cesenatico.com\/wp-content\/uploads\/sites\/48\/2018\/10\/lancio-challenge-riccione-2019.jpg","datePublished":"2018-10-12T08:57:13+00:00","dateModified":"2022-01-18T14:25:37+00:00","author":{"@id":"https:\/\/challenge-cesenatico.com\/#\/schema\/person\/253852e474806f2681983fe2423b5e20"},"breadcrumb":{"@id":"https:\/\/challenge-cesenatico.com\/it\/2018\/10\/12\/il-4-e-5-maggio-2019-su-challenge-riccione-sono-puntati-i-riflettori-del-grande-triathlon-internazionale\/#breadcrumb"},"inLanguage":"it-IT","potentialAction":[{"@type":"ReadAction","target":["https:\/\/challenge-cesenatico.com\/it\/2018\/10\/12\/il-4-e-5-maggio-2019-su-challenge-riccione-sono-puntati-i-riflettori-del-grande-triathlon-internazionale\/"]}]},{"@type":"ImageObject","inLanguage":"it-IT","@id":"https:\/\/challenge-cesenatico.com\/it\/2018\/10\/12\/il-4-e-5-maggio-2019-su-challenge-riccione-sono-puntati-i-riflettori-del-grande-triathlon-internazionale\/#primaryimage","url":"https:\/\/challenge-cesenatico.com\/wp-content\/uploads\/sites\/48\/2018\/10\/lancio-challenge-riccione-2019.jpg","contentUrl":"https:\/\/challenge-cesenatico.com\/wp-content\/uploads\/sites\/48\/2018\/10\/lancio-challenge-riccione-2019.jpg","width":1000,"height":667},{"@type":"BreadcrumbList","@id":"https:\/\/challenge-cesenatico.com\/it\/2018\/10\/12\/il-4-e-5-maggio-2019-su-challenge-riccione-sono-puntati-i-riflettori-del-grande-triathlon-internazionale\/#breadcrumb","itemListElement":[{"@type":"ListItem","position":1,"name":"Home","item":"https:\/\/challenge-cesenatico.com\/it\/"},{"@type":"ListItem","position":2,"name":"Il 4 e 5 maggio 2019 su Challenge Riccione sono puntati i riflettori del grande triathlon internazionale"}]},{"@type":"WebSite","@id":"https:\/\/challenge-cesenatico.com\/#website","url":"https:\/\/challenge-cesenatico.com\/","name":"Challenge Cesenatico","description":"We are triathlon","potentialAction":[{"@type":"SearchAction","target":{"@type":"EntryPoint","urlTemplate":"https:\/\/challenge-cesenatico.com\/?s={search_term_string}"},"query-input":{"@type":"PropertyValueSpecification","valueRequired":true,"valueName":"search_term_string"}}],"inLanguage":"it-IT"},{"@type":"Person","@id":"https:\/\/challenge-cesenatico.com\/#\/schema\/person\/253852e474806f2681983fe2423b5e20","name":"fabio","image":{"@type":"ImageObject","inLanguage":"it-IT","@id":"https:\/\/challenge-cesenatico.com\/#\/schema\/person\/image\/","url":"https:\/\/secure.gravatar.com\/avatar\/e5ee397ebd7c32fe8805deb0c5fcbf1f?s=96&d=mm&r=g","contentUrl":"https:\/\/secure.gravatar.com\/avatar\/e5ee397ebd7c32fe8805deb0c5fcbf1f?s=96&d=mm&r=g","caption":"fabio"},"url":"https:\/\/challenge-cesenatico.com\/it\/author\/fabio\/"}]}},"_links":{"self":[{"href":"https:\/\/challenge-cesenatico.com\/it\/wp-json\/wp\/v2\/posts\/4626"}],"collection":[{"href":"https:\/\/challenge-cesenatico.com\/it\/wp-json\/wp\/v2\/posts"}],"about":[{"href":"https:\/\/challenge-cesenatico.com\/it\/wp-json\/wp\/v2\/types\/post"}],"author":[{"embeddable":true,"href":"https:\/\/challenge-cesenatico.com\/it\/wp-json\/wp\/v2\/users\/122"}],"replies":[{"embeddable":true,"href":"https:\/\/challenge-cesenatico.com\/it\/wp-json\/wp\/v2\/comments?post=4626"}],"version-history":[{"count":3,"href":"https:\/\/challenge-cesenatico.com\/it\/wp-json\/wp\/v2\/posts\/4626\/revisions"}],"predecessor-version":[{"id":5642,"href":"https:\/\/challenge-cesenatico.com\/it\/wp-json\/wp\/v2\/posts\/4626\/revisions\/5642"}],"wp:featuredmedia":[{"embeddable":true,"href":"https:\/\/challenge-cesenatico.com\/it\/wp-json\/wp\/v2\/media\/5600"}],"wp:attachment":[{"href":"https:\/\/challenge-cesenatico.com\/it\/wp-json\/wp\/v2\/media?parent=4626"}],"wp:term":[{"taxonomy":"category","embeddable":true,"href":"https:\/\/challenge-cesenatico.com\/it\/wp-json\/wp\/v2\/categories?post=4626"},{"taxonomy":"post_tag","embeddable":true,"href":"https:\/\/challenge-cesenatico.com\/it\/wp-json\/wp\/v2\/tags?post=4626"}],"curies":[{"name":"wp","href":"https:\/\/api.w.org\/{rel}","templated":true}]}}